{"id":9781,"date":"2024-10-21T10:13:32","date_gmt":"2024-10-21T08:13:32","guid":{"rendered":"https:\/\/drustvenaistorijabl.info\/dom-radnicke-solidarnosti\/"},"modified":"2025-02-04T11:56:52","modified_gmt":"2025-02-04T10:56:52","slug":"dom-radnicke-solidarnosti","status":"publish","type":"post","link":"https:\/\/drustvenaistorijabl.info\/en\/dom-radnicke-solidarnosti\/","title":{"rendered":"House of Workers&#8217; Solidarity"},"content":{"rendered":"<div class=\"x11i5rnm xat24cr x1mh8g0r x1vvkbs xtlvy1s x126k92a\">\n<div dir=\"auto\">\n<p>The House of Workers&#8217; Solidarity was built after the 1969 earthquake. The earthquake\u00a0\u00a0 destroyed many buildings in Banja Luka, prompting the citizens of SFRY, as well as citizens of many other countries, to provide great material aid to Banja Luka. The House of Workers&#8217; Solidarity is one of the cultural and youth centers constructed during the post-earthquake reconstruction period. As part of Banja Luka&#8217;s urban development plan, the House of Workers&#8217; Solidarity housed the Youth Center, the Museum of Bosnian Krajina, the National Library, the Children&#8217;s Theater, and various other institutions. It distinguished itself as one of the largest and most significant cultural centers in Bosnian Krajina. The building was completed in 1973, and was designed by architects Velimir Neidhardt, Jasna Nosso, Ljerka Luli\u0107, Ivan \u0160traus, Borislav Kotek, and Neboj\u0161a Bali\u0107.<\/p>\n<p>The center was envisioned as a gathering space for various youth organizations, cultural institutions, and individuals engaged in social issues. Numerous concerts, exhibitions, and promotional events were also held there.<\/p>\n<p>For a time, following the war in the 1990s, the building also housed the Chamber of Commerce of the Republic of Srpska. The Youth Center, alongside the Banski Dvor Cultural Center, remains one of the last public spaces in the city on the Vrbas River.<\/p>\n<p>The site where the House of Workers&#8217; Solidarity now stands was once home to the renowned Banja Luka Gymnasium &#8220;Realka&#8221;, founded in October 1895. &#8220;Realka&#8221; was demolished in January 1970 due to severe damage caused by the catastrophic 1969 earthquake that hit Banja Luka.<\/p>\n<p>For the people of Banja Luka, especially those who attended &#8220;Realka&#8221; \u2014also known as &#8220;Bastille&#8221;\u2014its demolition was an emotional moment. Many people cried watching the destruction from the Kastel fortress. Even today, questions linger about why an identical building was not constructed in place of &#8220;Realka&#8221;, as was done in many European cities after World War II to preserve the historical and urban identity of the city. However, the new urban development plan created in 1971 aimed to rebuild Banja Luka and prepare it to function efficiently for a population of 200,000, which was the number projected by 1990. This led to the creation of the House of Workers&#8217; Solidarity, surrounded by green spaces.<\/p>\n<\/div>\n<\/div>\n<div class=\"x11i5rnm xat24cr x1mh8g0r x1vvkbs xtlvy1s x126k92a\">\n<div dir=\"auto\">\n<p><iframe title=\"Dom radni\u010dke solidarnosti\" width=\"800\" height=\"450\" src=\"https:\/\/www.youtube.com\/embed\/cxwkSF2l-2w?feature=oembed\" frameborder=\"0\" allow=\"accelerometer; autoplay; clipboard-write; encrypted-media; gyroscope; picture-in-picture; web-share\" referrerpolicy=\"strict-origin-when-cross-origin\" allowfullscreen><\/iframe><\/p>\n  <div class=\"bzb-gallery col-3\">\n              <figure class=\"gallery-item\">\n          <a data-elementor-open-lightbox=\"yes\"\n             data-elementor-lightbox-slideshow=\"gallery-916\"\n             data-elementor-lightbox-description=\"Banja Luka - BiH: 28. Januar 1991. Dje\u010dije pozori\u0161te\rDavor Mladinov - Dom radni\u010dke solidarnosti \rPHOTO: Slobodan Ra\u0161i\u0107 Bobara\"\n             href=\"https:\/\/drustvenaistorijabl.info\/app\/uploads\/2024\/10\/09-drs-djecije-pozoriste-davor-mladinov-12-januar-1990.jpg\">\n              <img loading=\"lazy\" decoding=\"async\" width=\"400\" height=\"300\" src=\"https:\/\/drustvenaistorijabl.info\/app\/uploads\/2024\/10\/09-drs-djecije-pozoriste-davor-mladinov-12-januar-1990-400x300.jpg\" class=\"attachment-thumbnail size-thumbnail\" alt=\"\" loading=\"lazy\" \/>          <\/a>\n        <\/figure>\n              <figure class=\"gallery-item\">\n          <a data-elementor-open-lightbox=\"yes\"\n             data-elementor-lightbox-slideshow=\"gallery-916\"\n             data-elementor-lightbox-description=\"\"\n             href=\"https:\/\/drustvenaistorijabl.info\/app\/uploads\/2024\/10\/01-drs-pocetak-gradnje-sredina-1974.jpg\">\n              <img loading=\"lazy\" decoding=\"async\" width=\"400\" height=\"300\" src=\"https:\/\/drustvenaistorijabl.info\/app\/uploads\/2024\/10\/01-drs-pocetak-gradnje-sredina-1974-400x300.jpg\" class=\"attachment-thumbnail size-thumbnail\" alt=\"\" loading=\"lazy\" \/>          <\/a>\n        <\/figure>\n              <figure class=\"gallery-item\">\n          <a data-elementor-open-lightbox=\"yes\"\n             data-elementor-lightbox-slideshow=\"gallery-916\"\n             data-elementor-lightbox-description=\"\"\n             href=\"https:\/\/drustvenaistorijabl.info\/app\/uploads\/2024\/10\/02.jpg\">\n              <img loading=\"lazy\" decoding=\"async\" width=\"400\" height=\"300\" src=\"https:\/\/drustvenaistorijabl.info\/app\/uploads\/2024\/10\/02-400x300.jpg\" class=\"attachment-thumbnail size-thumbnail\" alt=\"\" loading=\"lazy\" \/>          <\/a>\n        <\/figure>\n              <figure class=\"gallery-item\">\n          <a data-elementor-open-lightbox=\"yes\"\n             data-elementor-lightbox-slideshow=\"gallery-916\"\n             data-elementor-lightbox-description=\"Banja Luka - BiH: Avgust 1997.\rDom radni\u010dke solidarnosti\rPHOTO: Slobodan Ra\u0161i\u0107 Bobara\"\n             href=\"https:\/\/drustvenaistorijabl.info\/app\/uploads\/2024\/10\/03-drs-avgust-1997.jpg\">\n              <img loading=\"lazy\" decoding=\"async\" width=\"400\" height=\"300\" src=\"https:\/\/drustvenaistorijabl.info\/app\/uploads\/2024\/10\/03-drs-avgust-1997-400x300.jpg\" class=\"attachment-thumbnail size-thumbnail\" alt=\"\" loading=\"lazy\" \/>          <\/a>\n        <\/figure>\n              <figure class=\"gallery-item\">\n          <a data-elementor-open-lightbox=\"yes\"\n             data-elementor-lightbox-slideshow=\"gallery-916\"\n             data-elementor-lightbox-description=\"Banja Luka - BiH: Avgust 1997.\rDom radni\u010dke solidarnosti\rPHOTO: Slobodan Ra\u0161i\u0107 Bobara\"\n             href=\"https:\/\/drustvenaistorijabl.info\/app\/uploads\/2024\/10\/04-drs-biblioteka-avgust-1997.jpg\">\n              <img loading=\"lazy\" decoding=\"async\" width=\"400\" height=\"300\" src=\"https:\/\/drustvenaistorijabl.info\/app\/uploads\/2024\/10\/04-drs-biblioteka-avgust-1997-400x300.jpg\" class=\"attachment-thumbnail size-thumbnail\" alt=\"\" loading=\"lazy\" \/>          <\/a>\n        <\/figure>\n              <figure class=\"gallery-item\">\n          <a data-elementor-open-lightbox=\"yes\"\n             data-elementor-lightbox-slideshow=\"gallery-916\"\n             data-elementor-lightbox-description=\"Banja Luka - BiH: Mart1991.\rDom radni\u010dke solidarnosti\rPHOTO: Slobodan Ra\u0161i\u0107 Bobara\"\n             href=\"https:\/\/drustvenaistorijabl.info\/app\/uploads\/2024\/10\/05-drs-mart-1991.jpg\">\n              <img loading=\"lazy\" decoding=\"async\" width=\"400\" height=\"300\" src=\"https:\/\/drustvenaistorijabl.info\/app\/uploads\/2024\/10\/05-drs-mart-1991-400x300.jpg\" class=\"attachment-thumbnail size-thumbnail\" alt=\"\" loading=\"lazy\" \/>          <\/a>\n        <\/figure>\n              <figure class=\"gallery-item\">\n          <a data-elementor-open-lightbox=\"yes\"\n             data-elementor-lightbox-slideshow=\"gallery-916\"\n             data-elementor-lightbox-description=\"Banja Luka - BiH: 14. April1990.\rDom radni\u010dke solidarnosti - grafit\rPHOTO: Slobodan Ra\u0161i\u0107 Bobara\"\n             href=\"https:\/\/drustvenaistorijabl.info\/app\/uploads\/2024\/10\/06-drs-grafiti-14-april-1989.jpg\">\n              <img loading=\"lazy\" decoding=\"async\" width=\"400\" height=\"300\" src=\"https:\/\/drustvenaistorijabl.info\/app\/uploads\/2024\/10\/06-drs-grafiti-14-april-1989-400x300.jpg\" class=\"attachment-thumbnail size-thumbnail\" alt=\"\" loading=\"lazy\" \/>          <\/a>\n        <\/figure>\n              <figure class=\"gallery-item\">\n          <a data-elementor-open-lightbox=\"yes\"\n             data-elementor-lightbox-slideshow=\"gallery-916\"\n             data-elementor-lightbox-description=\"Banja Luka - BiH: 7. Mart1991.\rDom radni\u010dke solidarnosti - Foto zlo\u017eba\rPHOTO: Slobodan Ra\u0161i\u0107 Bobara\"\n             href=\"https:\/\/drustvenaistorijabl.info\/app\/uploads\/2024\/10\/07-drs-izlozbe-7-mart-1991.jpg\">\n              <img loading=\"lazy\" decoding=\"async\" width=\"400\" height=\"300\" src=\"https:\/\/drustvenaistorijabl.info\/app\/uploads\/2024\/10\/07-drs-izlozbe-7-mart-1991-400x300.jpg\" class=\"attachment-thumbnail size-thumbnail\" alt=\"\" loading=\"lazy\" \/>          <\/a>\n        <\/figure>\n              <figure class=\"gallery-item\">\n          <a data-elementor-open-lightbox=\"yes\"\n             data-elementor-lightbox-slideshow=\"gallery-916\"\n             data-elementor-lightbox-description=\"Banja Luka - BiH: 28. Januar 1991.\rDom radni\u010dke solidarnosti \rPHOTO: Slobodan Ra\u0161i\u0107 Bobara\"\n             href=\"https:\/\/drustvenaistorijabl.info\/app\/uploads\/2024\/10\/08-drs-28-januar-1991.jpg\">\n              <img loading=\"lazy\" decoding=\"async\" width=\"400\" height=\"300\" src=\"https:\/\/drustvenaistorijabl.info\/app\/uploads\/2024\/10\/08-drs-28-januar-1991-400x300.jpg\" class=\"attachment-thumbnail size-thumbnail\" alt=\"\" loading=\"lazy\" \/>          <\/a>\n        <\/figure>\n        <\/div>\n    \n<\/div>\n<\/div>\n","protected":false},"excerpt":{"rendered":"<p>The House of Workers&#8217; Solidarity was built after the 1969 earthquake. The earthquake\u00a0\u00a0 destroyed many buildings in Banja Luka, prompting the citizens of SFRY, as well as citizens of many other countries, to provide great material aid to Banja Luka. The House of Workers&#8217; Solidarity is one of the cultural and youth centers constructed during [&hellip;]<\/p>\n","protected":false},"author":1,"featured_media":8918,"comment_status":"closed","ping_status":"closed","sticky":false,"template":"","format":"standard","meta":{"_acf_changed":false,"_monsterinsights_skip_tracking":false,"_monsterinsights_sitenote_active":false,"_monsterinsights_sitenote_note":"","_monsterinsights_sitenote_category":0,"location":"44.769221807806474,17.191536408927508","footnotes":""},"categories":[47],"tags":[150,151,152,153,154,155],"class_list":["post-9781","post","type-post","status-publish","format-standard","has-post-thumbnail","hentry","category-written-word","tag-banja-luka-en","tag-bih-en","tag-dom-radnicke-solidarnosti-en","tag-izgradnja-en","tag-socijalizam-en","tag-urbanizam-en"],"acf":[],"_links":{"self":[{"href":"https:\/\/drustvenaistorijabl.info\/en\/wp-json\/wp\/v2\/posts\/9781","targetHints":{"allow":["GET"]}}],"collection":[{"href":"https:\/\/drustvenaistorijabl.info\/en\/wp-json\/wp\/v2\/posts"}],"about":[{"href":"https:\/\/drustvenaistorijabl.info\/en\/wp-json\/wp\/v2\/types\/post"}],"author":[{"embeddable":true,"href":"https:\/\/drustvenaistorijabl.info\/en\/wp-json\/wp\/v2\/users\/1"}],"replies":[{"embeddable":true,"href":"https:\/\/drustvenaistorijabl.info\/en\/wp-json\/wp\/v2\/comments?post=9781"}],"version-history":[{"count":1,"href":"https:\/\/drustvenaistorijabl.info\/en\/wp-json\/wp\/v2\/posts\/9781\/revisions"}],"predecessor-version":[{"id":9782,"href":"https:\/\/drustvenaistorijabl.info\/en\/wp-json\/wp\/v2\/posts\/9781\/revisions\/9782"}],"wp:featuredmedia":[{"embeddable":true,"href":"https:\/\/drustvenaistorijabl.info\/en\/wp-json\/wp\/v2\/media\/8918"}],"wp:attachment":[{"href":"https:\/\/drustvenaistorijabl.info\/en\/wp-json\/wp\/v2\/media?parent=9781"}],"wp:term":[{"taxonomy":"category","embeddable":true,"href":"https:\/\/drustvenaistorijabl.info\/en\/wp-json\/wp\/v2\/categories?post=9781"},{"taxonomy":"post_tag","embeddable":true,"href":"https:\/\/drustvenaistorijabl.info\/en\/wp-json\/wp\/v2\/tags?post=9781"}],"curies":[{"name":"wp","href":"https:\/\/api.w.org\/{rel}","templated":true}]}}